{"id":303,"date":"2024-11-17T16:38:43","date_gmt":"2024-11-17T16:38:43","guid":{"rendered":"https:\/\/adepolsc.org.br\/adepolsite\/?p=303"},"modified":"2024-12-08T12:54:36","modified_gmt":"2024-12-08T12:54:36","slug":"delegado-rodrigo-bortolini-assume-uma-das-vice-presidencias-da-adpj","status":"publish","type":"post","link":"http:\/\/adepolsc.org.br\/adepolsite\/delegado-rodrigo-bortolini-assume-uma-das-vice-presidencias-da-adpj\/","title":{"rendered":"Delegado Rodrigo Bortolini assume uma das vice-presid\u00eancias da ADPJ"},"content":{"rendered":"\n<p>Vivian Garcia Selig<br>Presidente da Associa\u00e7\u00e3o dos Delegados de Pol\u00edcia do Estado de Santa Catarina \u2013 ADEPOL-SC<br><br>Composta por aproximadamente 3.300 profissionais altamente qualificados, como Delegados, Escriv\u00e3es, Agentes e Psic\u00f3logos Policiais,<br>a Diretoria da Adepol-SC estuda, analisa, trabalha e est\u00e1 vigilante no que se refere ao Projeto de Emenda Constitucional que versa sobre<br>o regime previdenci\u00e1rio dos servidores p\u00fablicos estaduais, em especial, dos Policiais Civis, que diferentemente dos efetivos da Pol\u00edcia Militar<br>e do Corpo de Bombeiros Militar, n\u00e3o s\u00e3o amparados pela Lei Federal n\u00ba 13.954, de 16 de dezembro de 2019.<br>A aus\u00eancia de um olhar espec\u00edfico e diferenciado \u00e0 seguran\u00e7a p\u00fablica civil, com a perda de conquistas hist\u00f3ricas \u00e0s categorias, estimular\u00e1<br>um esp\u00edrito de desmotiva\u00e7\u00e3o nas institui\u00e7\u00f5es, em particular, em cada Policial Civil que trabalha, diuturnamente e independentemente da<br>pandemia pela Covid-19, no controle da criminalidade e no combate \u00e0 impunidade.<br>Em uma proje\u00e7\u00e3o de m\u00e9dio a longo prazo levar-se-\u00e1, sobremaneira, a uma escassez de prerrogativas que motivem cidad\u00e3os qualificados ao<br>ingresso nas carreiras policiais civis, ao passo que ao policial militar ser\u00e3o reservados todos os direitos \u00e0 reserva remunerada. E, considerando<br>que cabe \u00e0 Pol\u00edcia Civil as fun\u00e7\u00f5es t\u00edpicas de pol\u00edcia investigativa e pol\u00edcia judici\u00e1ria, ao que se evidencia, essas atividades estar\u00e3o comprometidas,<br>causando o enfraquecimento de um \u00f3rg\u00e3o essencial de estado.<br>A aposentadoria com requisitos espec\u00edficos dos policiais civis \u00e9 um direito historicamente adquirido e tem como fundamental objetivo<br>a compensa\u00e7\u00e3o pela atividade de risco que se desenvolve. Isso n\u00e3o significa, de maneira alguma, privil\u00e9gio, pois a carreira do policial civil<br>\u00e9 repleta de complexidades, j\u00e1 que sua pr\u00f3pria vida est\u00e1 na linha de frente no combate ao crime. E, diametralmente contr\u00e1rio das atividades<br>laborais privadas, os agentes civis da seguran\u00e7a p\u00fablica n\u00e3o recebem periculosidade, insalubridade ou hora extra, mesmo dedicando grande<br>parte de suas vidas na defesa dos bens jur\u00eddicos tutelados.<br>Busca-se, portanto, um olhar abrangente, coerente e assemelhado ao dispensado aos militares catarinenses \u2013 pol\u00edtica de isonomia adotada<br>pela Seguran\u00e7a P\u00fablica do Estado h\u00e1 muitos anos.<br>No mais, ressaltam-se as conquistas obtidas pelos policiais federais e policiais rodovi\u00e1rios federais, tal como os policiais civis de v\u00e1rios Estados<br>da Federa\u00e7\u00e3o \u2013 como Rio Grande do Sul, Minas Gerais, Mato Grosso do Sul e Paran\u00e1, que diferentemente de Santa Catarina, j\u00e1 aprovaram as suas<br>previd\u00eancias, garantindo aos seus agentes uma regra de transi\u00e7\u00e3o justa, pautada pelo trabalho diferenciado que exercem.<br>Por fim, acredita-se na coer\u00eancia t\u00e9cnica, na razoabilidade e, no sentir na pele, do Poder Executivo Estadual, valorizando-se a seguran\u00e7a p\u00fablica<br>civil que exerce seu dever com comprometimento, dedica\u00e7\u00e3o e honra. A Pol\u00edcia Civil \u00e9 um alicerce fundamental da sociedade catarinense, atuando<br>24 horas por dia, 365 dias ao ano, em mais de 208 anos de hist\u00f3ria, por interm\u00e9dio da investiga\u00e7\u00e3o criminal, dos servi\u00e7os administrativos de tr\u00e2nsito<br>e dos trabalhos de Pol\u00edcia Judici\u00e1ria. N\u00e3o h\u00e1 privil\u00e9gios, muito menos vantagens para o exerc\u00edcio de suas obriga\u00e7\u00f5es estatais. Uma reforma<br>previdenci\u00e1ria justa \u00e9 elementar, afinal, falamos de categorias que se arriscam em prol do bem comum do cidad\u00e3o catarinense.<\/p>\n","protected":false},"excerpt":{"rendered":"<p>Vivian Garcia SeligPresidente da Associa\u00e7\u00e3o dos Delegados de Pol\u00edcia do Estado de Santa Catarina \u2013 ADEPOL-SC Composta por aproximadamente 3.300 profissionais altamente qualificados, como Delegados, Escriv\u00e3es, Agentes e Psic\u00f3logos Policiais,a Diretoria da Adepol-SC estuda, analisa, trabalha e est\u00e1 vigilante no que se refere ao Projeto de Emenda Constitucional que versa sobreo regime previdenci\u00e1rio dos servidores [&hellip;]<\/p>\n","protected":false},"author":1,"featured_media":306,"comment_status":"open","ping_status":"open","sticky":false,"template":"","format":"standard","meta":{"footnotes":""},"categories":[8],"tags":[],"class_list":["post-303","post","type-post","status-publish","format-standard","has-post-thumbnail","hentry","category-artigos"],"_links":{"self":[{"href":"http:\/\/adepolsc.org.br\/adepolsite\/wp-json\/wp\/v2\/posts\/303","targetHints":{"allow":["GET"]}}],"collection":[{"href":"http:\/\/adepolsc.org.br\/adepolsite\/wp-json\/wp\/v2\/posts"}],"about":[{"href":"http:\/\/adepolsc.org.br\/adepolsite\/wp-json\/wp\/v2\/types\/post"}],"author":[{"embeddable":true,"href":"http:\/\/adepolsc.org.br\/adepolsite\/wp-json\/wp\/v2\/users\/1"}],"replies":[{"embeddable":true,"href":"http:\/\/adepolsc.org.br\/adepolsite\/wp-json\/wp\/v2\/comments?post=303"}],"version-history":[{"count":3,"href":"http:\/\/adepolsc.org.br\/adepolsite\/wp-json\/wp\/v2\/posts\/303\/revisions"}],"predecessor-version":[{"id":553,"href":"http:\/\/adepolsc.org.br\/adepolsite\/wp-json\/wp\/v2\/posts\/303\/revisions\/553"}],"wp:featuredmedia":[{"embeddable":true,"href":"http:\/\/adepolsc.org.br\/adepolsite\/wp-json\/wp\/v2\/media\/306"}],"wp:attachment":[{"href":"http:\/\/adepolsc.org.br\/adepolsite\/wp-json\/wp\/v2\/media?parent=303"}],"wp:term":[{"taxonomy":"category","embeddable":true,"href":"http:\/\/adepolsc.org.br\/adepolsite\/wp-json\/wp\/v2\/categories?post=303"},{"taxonomy":"post_tag","embeddable":true,"href":"http:\/\/adepolsc.org.br\/adepolsite\/wp-json\/wp\/v2\/tags?post=303"}],"curies":[{"name":"wp","href":"https:\/\/api.w.org\/{rel}","templated":true}]}}