{"id":474,"date":"2024-12-07T16:03:22","date_gmt":"2024-12-07T16:03:22","guid":{"rendered":"https:\/\/adepolsc.org.br\/adepolsite\/?p=474"},"modified":"2024-12-07T16:08:33","modified_gmt":"2024-12-07T16:08:33","slug":"governo-anuncia-assinatura-do-anteprojeto-de-resgate-dos-direitos-previdenciarios-de-integralidade-e-paridade","status":"publish","type":"post","link":"https:\/\/adepolsc.org.br\/adepolsite\/governo-anuncia-assinatura-do-anteprojeto-de-resgate-dos-direitos-previdenciarios-de-integralidade-e-paridade\/","title":{"rendered":"GOVERNO ANUNCIA ASSINATURA DO ANTEPROJETO DE RESGATE DOS DIREITOS PREVIDENCI\u00c1RIOS DE INTEGRALIDADE E PARIDADE"},"content":{"rendered":"\n<p>A ADEPOL-SC, representada pelo Presidente John Vieira, e o SINPOL-SC, representado pelo Presidente Max Magno Vieira e pelo Diretor Financeiro Elmar Schmitt Os\u00f3rio, estiveram reunidos ontem, 14 de outubro, com o Governador de Santa Catarina, Jorginho Mello, o Secret\u00e1rio de Administra\u00e7\u00e3o (SEA\/SC), V\u00e2nio Boing, e o Delegado-Geral da Pol\u00edcia Civil de Santa Catarina, Ulisses Gabriel.<br>Durante a reuni\u00e3o, o Governador Jorginho Mello anunciou que assinar\u00e1, no dia 12 de novembro, em um evento de anivers\u00e1rio da SSP, o anteprojeto de lei que restabelece os direitos previdenci\u00e1rios de integralidade e paridade dos policiais civis de Santa Catarina, que ser\u00e1 posteriormente encaminhado \u00e0 ALESC.<\/p>\n\n\n\n<p>Na ocasi\u00e3o, os representantes das entidades aproveitaram para agradecer ao Governador pela sensibilidade em atender essa importante demanda, que contou com o empenho e apoio do Delegado-Geral, Ulisses Gabriel, no nascimento e constru\u00e7\u00e3o do projeto.<\/p>\n\n\n\n<p>As medidas propostas trazem uma previd\u00eancia mais digna. Confira as principais defini\u00e7\u00f5es acerca do projeto:<\/p>\n\n\n\n<ul class=\"wp-block-list\">\n<li>O processo ser\u00e1 por ades\u00e3o, com prazo para escolha at\u00e9 31\/12\/2025;<\/li>\n\n\n\n<li>Abranger\u00e1 o per\u00edodo de 2004 a 2016;<\/li>\n\n\n\n<li>Aqueles que optaram pelo SC Prev poder\u00e3o retornar;<\/li>\n\n\n\n<li>Haver\u00e1 um acr\u00e9scimo de 5 anos na contribui\u00e7\u00e3o total: 35 anos para homens e 30 anos para mulheres;<\/li>\n\n\n\n<li>O tempo de servi\u00e7o policial n\u00e3o sofrer\u00e1 altera\u00e7\u00e3o;<\/li>\n\n\n\n<li>O abono perman\u00eancia seguir\u00e1 em vigor, sendo descartada o instituto da \u201crecusa\u201d;<\/li>\n\n\n\n<li>A idade m\u00ednima para aposentadoria n\u00e3o ser\u00e1 aumentada;<\/li>\n\n\n\n<li>Nenhum direito de quem ingressou at\u00e9 01\/01\/2004 ser\u00e1 alterado.<\/li>\n<\/ul>\n\n\n\n<p>Um dos pontos mais importantes a ser ressaltado \u00e9 que o tempo a mais de contribui\u00e7\u00e3o depender\u00e1 de quando o servidor iniciou suas contribui\u00e7\u00f5es previdenci\u00e1rias conjugada com a idade m\u00ednima, ou seja, o tempo pode ser no m\u00e1ximo de 5 anos, em muitos casos sendo menos do que isso. Al\u00e9m disso, durante esse tempo de contribui\u00e7\u00e3o a mais, o policial exercer\u00e1 seu direito ao abono-perman\u00eancia, o que atualmente reflete no ressarcimento pelo Estado da al\u00edquota previdenci\u00e1ria.<\/p>\n\n\n\n<p>Em rela\u00e7\u00e3o aos associados ingressantes nos prazos estabelecidos dos anos de 2016 a 2019 a ADEPOL-SC j\u00e1 preparou medida judicial de contorno \u00e0 situa\u00e7\u00e3o, conforme \u00faltima AGE.<\/p>\n","protected":false},"excerpt":{"rendered":"<p>A ADEPOL-SC, representada pelo Presidente John Vieira, e o SINPOL-SC, representado pelo Presidente Max Magno Vieira e pelo Diretor Financeiro Elmar Schmitt Os\u00f3rio, estiveram reunidos ontem, 14 de outubro, com o Governador de Santa Catarina, Jorginho Mello, o Secret\u00e1rio de Administra\u00e7\u00e3o (SEA\/SC), V\u00e2nio Boing, e o Delegado-Geral da Pol\u00edcia Civil de Santa Catarina, Ulisses Gabriel.Durante [&hellip;]<\/p>\n","protected":false},"author":1,"featured_media":481,"comment_status":"open","ping_status":"open","sticky":false,"template":"","format":"standard","meta":{"footnotes":""},"categories":[7],"tags":[],"class_list":["post-474","post","type-post","status-publish","format-standard","has-post-thumbnail","hentry","category-noticias"],"_links":{"self":[{"href":"https:\/\/adepolsc.org.br\/adepolsite\/wp-json\/wp\/v2\/posts\/474","targetHints":{"allow":["GET"]}}],"collection":[{"href":"https:\/\/adepolsc.org.br\/adepolsite\/wp-json\/wp\/v2\/posts"}],"about":[{"href":"https:\/\/adepolsc.org.br\/adepolsite\/wp-json\/wp\/v2\/types\/post"}],"author":[{"embeddable":true,"href":"https:\/\/adepolsc.org.br\/adepolsite\/wp-json\/wp\/v2\/users\/1"}],"replies":[{"embeddable":true,"href":"https:\/\/adepolsc.org.br\/adepolsite\/wp-json\/wp\/v2\/comments?post=474"}],"version-history":[{"count":1,"href":"https:\/\/adepolsc.org.br\/adepolsite\/wp-json\/wp\/v2\/posts\/474\/revisions"}],"predecessor-version":[{"id":476,"href":"https:\/\/adepolsc.org.br\/adepolsite\/wp-json\/wp\/v2\/posts\/474\/revisions\/476"}],"wp:featuredmedia":[{"embeddable":true,"href":"https:\/\/adepolsc.org.br\/adepolsite\/wp-json\/wp\/v2\/media\/481"}],"wp:attachment":[{"href":"https:\/\/adepolsc.org.br\/adepolsite\/wp-json\/wp\/v2\/media?parent=474"}],"wp:term":[{"taxonomy":"category","embeddable":true,"href":"https:\/\/adepolsc.org.br\/adepolsite\/wp-json\/wp\/v2\/categories?post=474"},{"taxonomy":"post_tag","embeddable":true,"href":"https:\/\/adepolsc.org.br\/adepolsite\/wp-json\/wp\/v2\/tags?post=474"}],"curies":[{"name":"wp","href":"https:\/\/api.w.org\/{rel}","templated":true}]}}