{"id":537,"date":"2024-12-08T12:46:39","date_gmt":"2024-12-08T12:46:39","guid":{"rendered":"https:\/\/adepolsc.org.br\/adepolsite\/?p=537"},"modified":"2024-12-08T12:46:40","modified_gmt":"2024-12-08T12:46:40","slug":"adepol-sc-se-posiciona-contra-declaracoes-do-prefeito-de-forquilhinha-e-reafirma-legitimidade-das-investigacoes-da-policia-civil-no-municipio","status":"publish","type":"post","link":"https:\/\/adepolsc.org.br\/adepolsite\/adepol-sc-se-posiciona-contra-declaracoes-do-prefeito-de-forquilhinha-e-reafirma-legitimidade-das-investigacoes-da-policia-civil-no-municipio\/","title":{"rendered":"ADEPOL-SC SE POSICIONA CONTRA DECLARA\u00c7\u00d5ES DO PREFEITO DE FORQUILHINHA E REAFIRMA LEGITIMIDADE DAS INVESTIGA\u00c7\u00d5ES DA POL\u00cdCIA CIVIL NO MUNIC\u00cdPIO"},"content":{"rendered":"\n<p>A Associa\u00e7\u00e3o dos Delegados de Pol\u00edcia do Estado de Santa Catarina (ADEPOL-SC) manifesta, por meio desta nota, seu rep\u00fadio \u00e0s recentes declara\u00e7\u00f5es do prefeito de Forquilhinha, Jos\u00e9 Cl\u00e1udio Gon\u00e7alves, amplamente veiculadas na m\u00eddia e em aplicativos de mensagens instant\u00e2neas.<\/p>\n\n\n\n<p>Essas falas tentam desqualificar o trabalho e a conduta do Delegado de Pol\u00edcia respons\u00e1vel por investiga\u00e7\u00f5es em que o prefeito \u00e9 suspeito de irregularidades.<\/p>\n\n\n\n<p>O prefeito, alvo da opera\u00e7\u00e3o Maktub, deflagrada na \u00faltima ter\u00e7a-feira, 15 de outubro, por suspeita de irregularidades em licita\u00e7\u00f5es para a constru\u00e7\u00e3o de um gin\u00e1sio poliesportivo e de um memorial, al\u00e9m de outros servi\u00e7os, foi afastado por determina\u00e7\u00e3o do Tribunal de Justi\u00e7a de Santa Catarina (TJ-SC). Juntamente com ele, mais tr\u00eas servidores municipais foram afastados.<\/p>\n\n\n\n<p>Ressaltamos que as investiga\u00e7\u00f5es conduzidas pelo Delegado de Pol\u00edcia da Delegacia de Pol\u00edcia Especializada em Combate \u00e0 Corrup\u00e7\u00e3o (DECOR\/DEIC) est\u00e3o em conformidade com os princ\u00edpios da legalidade e da impessoalidade, isentas de qualquer influ\u00eancia pol\u00edtica e fundamentadas em evid\u00eancias robustas. Sendo, ainda, respaldadas por manifesta\u00e7\u00f5es favor\u00e1veis do Minist\u00e9rio P\u00fablico e decis\u00f5es do Tribunal de Justi\u00e7a de Santa Catarina.<\/p>\n\n\n\n<p>Dessa maneira, a Pol\u00edcia Civil de Santa Catarina, mostra que continua cumprindo o seu dever: assegurar a responsabilidade criminal, independente de quem praticou o ato.<\/p>\n\n\n\n<p>Como entidade representativa da categoria dos Delegados de Pol\u00edcia em Santa Catarina e defensora da integridade das institui\u00e7\u00f5es do sistema de seguran\u00e7a p\u00fablica estadual, a ADEPOL-SC repudia veementemente qualquer tentativa de deslegitimar a\u00e7\u00f5es investigativas que buscam garantir a transpar\u00eancia e a \u00e9tica na administra\u00e7\u00e3o p\u00fablica.<\/p>\n","protected":false},"excerpt":{"rendered":"<p>A Associa\u00e7\u00e3o dos Delegados de Pol\u00edcia do Estado de Santa Catarina (ADEPOL-SC) manifesta, por meio desta nota, seu rep\u00fadio \u00e0s recentes declara\u00e7\u00f5es do prefeito de Forquilhinha, Jos\u00e9 Cl\u00e1udio Gon\u00e7alves, amplamente veiculadas na m\u00eddia e em aplicativos de mensagens instant\u00e2neas. Essas falas tentam desqualificar o trabalho e a conduta do Delegado de Pol\u00edcia respons\u00e1vel por investiga\u00e7\u00f5es [&hellip;]<\/p>\n","protected":false},"author":1,"featured_media":539,"comment_status":"open","ping_status":"open","sticky":false,"template":"","format":"standard","meta":{"footnotes":""},"categories":[7],"tags":[],"class_list":["post-537","post","type-post","status-publish","format-standard","has-post-thumbnail","hentry","category-noticias"],"_links":{"self":[{"href":"https:\/\/adepolsc.org.br\/adepolsite\/wp-json\/wp\/v2\/posts\/537","targetHints":{"allow":["GET"]}}],"collection":[{"href":"https:\/\/adepolsc.org.br\/adepolsite\/wp-json\/wp\/v2\/posts"}],"about":[{"href":"https:\/\/adepolsc.org.br\/adepolsite\/wp-json\/wp\/v2\/types\/post"}],"author":[{"embeddable":true,"href":"https:\/\/adepolsc.org.br\/adepolsite\/wp-json\/wp\/v2\/users\/1"}],"replies":[{"embeddable":true,"href":"https:\/\/adepolsc.org.br\/adepolsite\/wp-json\/wp\/v2\/comments?post=537"}],"version-history":[{"count":1,"href":"https:\/\/adepolsc.org.br\/adepolsite\/wp-json\/wp\/v2\/posts\/537\/revisions"}],"predecessor-version":[{"id":540,"href":"https:\/\/adepolsc.org.br\/adepolsite\/wp-json\/wp\/v2\/posts\/537\/revisions\/540"}],"wp:featuredmedia":[{"embeddable":true,"href":"https:\/\/adepolsc.org.br\/adepolsite\/wp-json\/wp\/v2\/media\/539"}],"wp:attachment":[{"href":"https:\/\/adepolsc.org.br\/adepolsite\/wp-json\/wp\/v2\/media?parent=537"}],"wp:term":[{"taxonomy":"category","embeddable":true,"href":"https:\/\/adepolsc.org.br\/adepolsite\/wp-json\/wp\/v2\/categories?post=537"},{"taxonomy":"post_tag","embeddable":true,"href":"https:\/\/adepolsc.org.br\/adepolsite\/wp-json\/wp\/v2\/tags?post=537"}],"curies":[{"name":"wp","href":"https:\/\/api.w.org\/{rel}","templated":true}]}}