{"id":541,"date":"2024-12-08T12:48:01","date_gmt":"2024-12-08T12:48:01","guid":{"rendered":"https:\/\/adepolsc.org.br\/adepolsite\/?p=541"},"modified":"2024-12-08T12:48:02","modified_gmt":"2024-12-08T12:48:02","slug":"adepol-sc-preparara-parecer-tecnico-sobre-liminar-que-reduz-tempo-de-aposentadoria-para-mulheres-policiais-civis","status":"publish","type":"post","link":"https:\/\/adepolsc.org.br\/adepolsite\/adepol-sc-preparara-parecer-tecnico-sobre-liminar-que-reduz-tempo-de-aposentadoria-para-mulheres-policiais-civis\/","title":{"rendered":"ADEPOL-SC PREPARAR\u00c1 PARECER T\u00c9CNICO SOBRE LIMINAR QUE REDUZ TEMPO DE APOSENTADORIA PARA MULHERES POLICIAIS CIVIS"},"content":{"rendered":"\n<p>Informamos que foi deferida, em car\u00e1ter liminar, a Medida Cautelar na A\u00e7\u00e3o Direta de Inconstitucionalidade 7.727, proposta pela ADEPOL do Brasil, que reduz em 3 anos o tempo de contribui\u00e7\u00e3o necess\u00e1rio para a aposentadoria das mulheres policiais civis e federais.<\/p>\n\n\n\n<p>A medida \u00e9 v\u00e1lida at\u00e9 que o Congresso Nacional edite a norma que sane essa inconstitucionalidade. A tend\u00eancia \u00e9 que o restante do plen\u00e1rio siga o relator.&nbsp;<\/p>\n\n\n\n<p>A liminar foi conquistada gra\u00e7as \u00e0 atua\u00e7\u00e3o da ADEPOL do Brasil, por meio do escrit\u00f3rio jur\u00eddico DTA Solu\u00e7\u00f5es Jur\u00eddicas, vinculado \u00e0 ADEPOL-SC.<\/p>\n\n\n\n<p>Adicionalmente, a ADEPOL-SC est\u00e1 elaborando um material informativo que ser\u00e1 enviado aos associados, abordando as consequ\u00eancias jur\u00eddicas pr\u00e1ticas dessa liminar para a Pol\u00edcia Civil em Santa Catarina. Este material tem como objetivo esclarecer os impactos da decis\u00e3o na aposentadoria e nos direitos das policiais civis, assegurando que todos estejam devidamente informados sobre essa importante conquista.<\/p>\n","protected":false},"excerpt":{"rendered":"<p>Informamos que foi deferida, em car\u00e1ter liminar, a Medida Cautelar na A\u00e7\u00e3o Direta de Inconstitucionalidade 7.727, proposta pela ADEPOL do Brasil, que reduz em 3 anos o tempo de contribui\u00e7\u00e3o necess\u00e1rio para a aposentadoria das mulheres policiais civis e federais. A medida \u00e9 v\u00e1lida at\u00e9 que o Congresso Nacional edite a norma que sane essa [&hellip;]<\/p>\n","protected":false},"author":1,"featured_media":542,"comment_status":"open","ping_status":"open","sticky":false,"template":"","format":"standard","meta":{"footnotes":""},"categories":[7],"tags":[],"class_list":["post-541","post","type-post","status-publish","format-standard","has-post-thumbnail","hentry","category-noticias"],"_links":{"self":[{"href":"https:\/\/adepolsc.org.br\/adepolsite\/wp-json\/wp\/v2\/posts\/541","targetHints":{"allow":["GET"]}}],"collection":[{"href":"https:\/\/adepolsc.org.br\/adepolsite\/wp-json\/wp\/v2\/posts"}],"about":[{"href":"https:\/\/adepolsc.org.br\/adepolsite\/wp-json\/wp\/v2\/types\/post"}],"author":[{"embeddable":true,"href":"https:\/\/adepolsc.org.br\/adepolsite\/wp-json\/wp\/v2\/users\/1"}],"replies":[{"embeddable":true,"href":"https:\/\/adepolsc.org.br\/adepolsite\/wp-json\/wp\/v2\/comments?post=541"}],"version-history":[{"count":1,"href":"https:\/\/adepolsc.org.br\/adepolsite\/wp-json\/wp\/v2\/posts\/541\/revisions"}],"predecessor-version":[{"id":543,"href":"https:\/\/adepolsc.org.br\/adepolsite\/wp-json\/wp\/v2\/posts\/541\/revisions\/543"}],"wp:featuredmedia":[{"embeddable":true,"href":"https:\/\/adepolsc.org.br\/adepolsite\/wp-json\/wp\/v2\/media\/542"}],"wp:attachment":[{"href":"https:\/\/adepolsc.org.br\/adepolsite\/wp-json\/wp\/v2\/media?parent=541"}],"wp:term":[{"taxonomy":"category","embeddable":true,"href":"https:\/\/adepolsc.org.br\/adepolsite\/wp-json\/wp\/v2\/categories?post=541"},{"taxonomy":"post_tag","embeddable":true,"href":"https:\/\/adepolsc.org.br\/adepolsite\/wp-json\/wp\/v2\/tags?post=541"}],"curies":[{"name":"wp","href":"https:\/\/api.w.org\/{rel}","templated":true}]}}