{"id":544,"date":"2024-12-08T12:49:10","date_gmt":"2024-12-08T12:49:10","guid":{"rendered":"https:\/\/adepolsc.org.br\/adepolsite\/?p=544"},"modified":"2024-12-08T12:49:10","modified_gmt":"2024-12-08T12:49:10","slug":"mobilizacao-das-entidades-civis-assegura-a-revogacao-de-trecho-da-pec-66-23-que-alterava-previdencia-dos-estados","status":"publish","type":"post","link":"https:\/\/adepolsc.org.br\/adepolsite\/mobilizacao-das-entidades-civis-assegura-a-revogacao-de-trecho-da-pec-66-23-que-alterava-previdencia-dos-estados\/","title":{"rendered":"MOBILIZA\u00c7\u00c3O DAS ENTIDADES CIVIS ASSEGURA A REVOGA\u00c7\u00c3O DE TRECHO DA PEC 66\/23 QUE ALTERAVA PREVID\u00caNCIA DOS ESTADOS"},"content":{"rendered":"\n<p>A ADEPOL-SC e a ADEPOL do Brasil, estiveram presentes ontem (29) na C\u00e2mara dos Deputados, em Bras\u00edlia (DF), para acompanhar a sess\u00e3o da Comiss\u00e3o de Constitui\u00e7\u00e3o e Justi\u00e7a (CCJ), que aprovou o relat\u00f3rio do deputado catarinense Darci Mattos, o qual excluiu do texto da PEC 66\/23 todas as disposi\u00e7\u00f5es relacionadas \u00e0 mat\u00e9ria previdenci\u00e1ria.<\/p>\n\n\n\n<p>Com essa supress\u00e3o, os deputados firmaram um acordo para a vota\u00e7\u00e3o da PEC 66\/23, focando exclusivamente no texto que trata das quest\u00f5es municipais, justificando a necessidade constitucional de maior flexibilidade fiscal para os entes federados municipais.<\/p>\n\n\n\n<p>A disposi\u00e7\u00e3o relativa aos munic\u00edpios realmente tem fundamento federativo e import\u00e2ncia social e pol\u00edtica, entretanto diante do que ocorrera no Senado, com a inser\u00e7\u00e3o de \u201cjabutis\u201d alheios \u00e0 proposi\u00e7\u00e3o original, dentre os quais profunda altera\u00e7\u00e3o no regime previdenci\u00e1rio dos servidores dos Estados e Munic\u00edpios com viola\u00e7\u00e3o do Pacto Federativo conforme apontado pelo pr\u00f3prio deputado Darci Mattos, temos que ter cautela e trabalhar ao m\u00e1ximo para se evitar aprova\u00e7\u00e3o de afogadilho sem debates e audi\u00eancias p\u00fablicas.<\/p>\n\n\n\n<p>Neste contexto, informamos que estaremos vigilantes para atuar na Comiss\u00e3o Especial, impedindo qualquer modifica\u00e7\u00e3o que leve ao Senado Federal e prejudique a previd\u00eancia dos servidores p\u00fablicos.<\/p>\n\n\n\n<p>A ADEPOL-SC tem se empenhado de forma contundente contra a PEC 66\/23 desde sua aprova\u00e7\u00e3o no Senado, trabalhando em conjunto com outras entidades civis, especialmente a ADEPOL do Brasil.<\/p>\n\n\n\n<p>Na vota\u00e7\u00e3o de ontem, o presidente da ADEPOL-SC, John Vieira, e o presidente da ADEPOL do Brasil, Rodolfo Queiroz Laterza, atuaram presencialmente em articula\u00e7\u00e3o com o relator, o deputado Darci Mattos, a fim de assegurar que a vota\u00e7\u00e3o seguisse os termos do relat\u00f3rio apresentado.<\/p>\n\n\n\n<p>Ap\u00f3s a aprova\u00e7\u00e3o do parecer do deputado Darci de Matos, a proposta ser\u00e1 encaminhada \u00e0 Mesa para a cria\u00e7\u00e3o de uma Comiss\u00e3o Especial que analisar\u00e1 seu m\u00e9rito, sendo a instala\u00e7\u00e3o dessa comiss\u00e3o uma prerrogativa do Presidente da Casa, deputado Arthur Lira.<\/p>\n","protected":false},"excerpt":{"rendered":"<p>A ADEPOL-SC e a ADEPOL do Brasil, estiveram presentes ontem (29) na C\u00e2mara dos Deputados, em Bras\u00edlia (DF), para acompanhar a sess\u00e3o da Comiss\u00e3o de Constitui\u00e7\u00e3o e Justi\u00e7a (CCJ), que aprovou o relat\u00f3rio do deputado catarinense Darci Mattos, o qual excluiu do texto da PEC 66\/23 todas as disposi\u00e7\u00f5es relacionadas \u00e0 mat\u00e9ria previdenci\u00e1ria. Com essa [&hellip;]<\/p>\n","protected":false},"author":1,"featured_media":546,"comment_status":"open","ping_status":"open","sticky":false,"template":"","format":"standard","meta":{"footnotes":""},"categories":[7],"tags":[],"class_list":["post-544","post","type-post","status-publish","format-standard","has-post-thumbnail","hentry","category-noticias"],"_links":{"self":[{"href":"https:\/\/adepolsc.org.br\/adepolsite\/wp-json\/wp\/v2\/posts\/544","targetHints":{"allow":["GET"]}}],"collection":[{"href":"https:\/\/adepolsc.org.br\/adepolsite\/wp-json\/wp\/v2\/posts"}],"about":[{"href":"https:\/\/adepolsc.org.br\/adepolsite\/wp-json\/wp\/v2\/types\/post"}],"author":[{"embeddable":true,"href":"https:\/\/adepolsc.org.br\/adepolsite\/wp-json\/wp\/v2\/users\/1"}],"replies":[{"embeddable":true,"href":"https:\/\/adepolsc.org.br\/adepolsite\/wp-json\/wp\/v2\/comments?post=544"}],"version-history":[{"count":1,"href":"https:\/\/adepolsc.org.br\/adepolsite\/wp-json\/wp\/v2\/posts\/544\/revisions"}],"predecessor-version":[{"id":547,"href":"https:\/\/adepolsc.org.br\/adepolsite\/wp-json\/wp\/v2\/posts\/544\/revisions\/547"}],"wp:featuredmedia":[{"embeddable":true,"href":"https:\/\/adepolsc.org.br\/adepolsite\/wp-json\/wp\/v2\/media\/546"}],"wp:attachment":[{"href":"https:\/\/adepolsc.org.br\/adepolsite\/wp-json\/wp\/v2\/media?parent=544"}],"wp:term":[{"taxonomy":"category","embeddable":true,"href":"https:\/\/adepolsc.org.br\/adepolsite\/wp-json\/wp\/v2\/categories?post=544"},{"taxonomy":"post_tag","embeddable":true,"href":"https:\/\/adepolsc.org.br\/adepolsite\/wp-json\/wp\/v2\/tags?post=544"}],"curies":[{"name":"wp","href":"https:\/\/api.w.org\/{rel}","templated":true}]}}